{"id":3179,"date":"2021-08-27T12:31:10","date_gmt":"2021-08-27T11:31:10","guid":{"rendered":"https:\/\/www.ecett.eu\/?p=3179"},"modified":"2021-09-28T08:43:15","modified_gmt":"2021-09-28T07:43:15","slug":"bp-le-reseau-wab-be","status":"publish","type":"post","link":"https:\/\/www.ecett.eu\/?p=3179","title":{"rendered":"BP Le R\u00e9seau WaB : une initiative cr\u00e9\u00e9e par et pour les intervenants du secteur des assu\u00e9tudes (BE)"},"content":{"rendered":"<h6 style=\"text-align: center;\"><span style=\"font-weight: 400; color: #993300; font-size: 12pt;\">par Am\u00e9lia Ramackers de WaB (Belgium)<\/span><\/h6>\n<p style=\"text-align: justify;\"><span style=\"font-weight: 400; color: #000000;\">Le R\u00e9seau WaB r\u00e9unit chaque mois diff\u00e9rents types de services d&#8217;aide aux toxicomanes pour coop\u00e9rer et composer des trajets de soins pour des usagers qui pr\u00e9sentent des situations complexes et chroniques et pour lesquels il n\u2019existe pas ou plus d\u2019alternative au niveau local.<\/span><\/p>\n<p style=\"text-align: center;\"><span style=\"color: #0000ff;\"><img fetchpriority=\"high\" decoding=\"async\" class=\"alignnone size-medium wp-image-3035\" src=\"https:\/\/www.ecett.eu\/wp-content\/uploads\/2021\/07\/210702-WaB-Logo-300x169.jpg\" alt=\"\" width=\"300\" height=\"169\" \/>\u00a0 \u00a0<\/span><\/p>\n<h4><span style=\"color: #000000;\"><strong>Constat<\/strong><\/span><\/h4>\n<p style=\"text-align: justify;\"><span style=\"font-weight: 400; color: #000000;\">Certaines personnes toxicomanes ont de grosses difficult\u00e9s \u00e0 trouver leur place dans le syst\u00e8me de soins ou errent d\u2019un service \u00e0 l\u2019autre, dans le d\u00e9sordre et sans\u00a0 progresser.<\/span><\/p>\n<h4><span style=\"color: #000000;\"><strong>Historique<\/strong><\/span><\/h4>\n<p style=\"text-align: justify;\"><span style=\"font-weight: 400; color: #000000;\">Trempoline a organis\u00e9 en 2003 une formation bas\u00e9e sur \u00ab l\u2019approche en syst\u00e8mes int\u00e9gr\u00e9s \u00bb (ISA) de G. De Leon. Les professionnels ayant particip\u00e9 \u00e0 la formation ISA cr\u00e9ent en Mars 2007 le R\u00e9seau WaB dans une dynamique bottom-up. La R\u00e9gion Wallonne et Bruxelles-Capitale accordent un subside annuel \u00e0 WaB pour l\u2019engagement d\u2019une coordinatrice de r\u00e9seau.\u00a0\u00a0<\/span><\/p>\n<h4><span style=\"color: #000000;\"><strong>Support th\u00e9orique<\/strong><\/span><\/h4>\n<p style=\"text-align: justify;\"><span style=\"font-weight: 400; color: #000000;\">Le r\u00e9seau WaB se r\u00e9f\u00e8re \u00e0 deux mod\u00e8les th\u00e9oriques:<\/span><\/p>\n<ol>\n<li style=\"font-weight: 400; text-align: justify;\" aria-level=\"1\"><span style=\"font-weight: 400; color: #000000;\">L\u2019Integrated System Approach (ISA) de Georges De Leon qui identifie dix \u00e9tapes se rapportant au processus de changement chez un individu. ISA vise \u00e0 construire un r\u00e9seau de services de soins qui propose aux personnes toxicomanes un processus de changement continu avec des objectifs interm\u00e9diaires qui convergent vers une m\u00eame finalit\u00e9 : le r\u00e9tablissement complet.<\/span><\/li>\n<li style=\"font-weight: 400; text-align: justify;\" aria-level=\"1\"><span style=\"font-weight: 400; color: #000000;\">Le mod\u00e8le de Prochaska et DiClemente qui identifie les \u00e9tapes d\u2019un processus de changement relatives \u00e0 l\u2019\u00e9tat motivationnel d\u2019une personne et qui sont \u00e0 envisager dans une perspective circulaire avec des allers-retours possibles. L\u2019intervention d\u2019une structure sp\u00e9cifique sera d\u00e9pendante de l\u2019\u00e9tat motivationnel pr\u00e9sent\u00e9 par le sujet, chaque service aidant ses usagers \u00e0 avancer vers l\u2019\u00e9tape suivante.<\/span><\/li>\n<\/ol>\n<h4><img decoding=\"async\" class=\"alignnone size-medium wp-image-2959 aligncenter\" src=\"https:\/\/www.ecett.eu\/wp-content\/uploads\/2021\/06\/wab-300x196.png\" alt=\"\" width=\"300\" height=\"196\" srcset=\"https:\/\/www.ecett.eu\/wp-content\/uploads\/2021\/06\/wab-300x196.png 300w, https:\/\/www.ecett.eu\/wp-content\/uploads\/2021\/06\/wab.png 318w\" sizes=\"(max-width: 300px) 100vw, 300px\" \/><\/h4>\n<h4><span style=\"color: #000000;\"><strong>Public cible<\/strong><\/span><\/h4>\n<p style=\"text-align: justify;\"><span style=\"font-weight: 400; color: #000000;\">Toute personne d\u00e9pendante aux drogues qui, du fait de sa situation psychologique, psychiatrique, physique, ou encore administrative, ou suite \u00e0 un renvoi d\u2019une institution ne peut plus trouver aupr\u00e8s des services de sa r\u00e9gion des r\u00e9ponses \u00e0 son besoin d\u2019aide.\u00a0<\/span><\/p>\n<p style=\"text-align: justify;\"><span style=\"font-weight: 400; color: #000000;\">Les services confront\u00e9s \u00e0 ces impasses sont \u00e9galement les b\u00e9n\u00e9ficiaires du R\u00e9seau WaB.<\/span><\/p>\n<p style=\"text-align: justify;\"><span style=\"font-weight: 400; color: #000000;\">Le R\u00e9seau WaB compte 19 services partenaires allant du bas seuil d\u2019acc\u00e8s jusqu\u2019au haut seuil d\u2019exigence: travail de rue, services ambulatoires, h\u00e9bergement d\u2019urgence, maisons d\u2019accueil, services hospitaliers de sevrage, communaut\u00e9s th\u00e9rapeutiques de jour ou r\u00e9sidentielles.<\/span><\/p>\n<h4><span style=\"color: #000000;\"><strong>Objectifs\u00a0<\/strong><\/span><\/h4>\n<ul>\n<li style=\"font-weight: 400; text-align: justify;\" aria-level=\"1\"><span style=\"font-weight: 400; color: #000000;\">Mise au point de bonnes pratiques de coop\u00e9ration entre tous les services d\u2019aide\u00a0<\/span><\/li>\n<li style=\"font-weight: 400; text-align: justify;\" aria-level=\"1\"><span style=\"font-weight: 400; color: #000000;\">Faciliter la communication, le dialogue interprofessionnel et interinstitutionnel.<\/span><\/li>\n<li style=\"font-weight: 400; text-align: justify;\" aria-level=\"1\"><span style=\"font-weight: 400; color: #000000;\">Formation continue des membres du R\u00e9seau WaB.<\/span><\/li>\n<li style=\"font-weight: 400; text-align: justify;\" aria-level=\"1\"><span style=\"font-weight: 400; color: #000000;\">Evaluation des services propos\u00e9s par le R\u00e9seau WaB.<\/span><\/li>\n<li style=\"font-weight: 400; text-align: justify;\" aria-level=\"1\"><span style=\"font-weight: 400; color: #000000;\">Transposer le mod\u00e8le WaB \u00e0 d\u2019autres secteurs que celui des assu\u00e9tudes.<\/span><\/li>\n<\/ul>\n<h4><img decoding=\"async\" class=\"aligncenter wp-image-3037 size-full\" src=\"https:\/\/www.ecett.eu\/wp-content\/uploads\/2021\/07\/210702-Aurore-Fle\u0300ches.jpg\" alt=\"\" width=\"720\" height=\"405\" data-wp-editing=\"1\" srcset=\"https:\/\/www.ecett.eu\/wp-content\/uploads\/2021\/07\/210702-Aurore-Fle\u0300ches.jpg 720w, https:\/\/www.ecett.eu\/wp-content\/uploads\/2021\/07\/210702-Aurore-Fle\u0300ches-300x169.jpg 300w, https:\/\/www.ecett.eu\/wp-content\/uploads\/2021\/07\/210702-Aurore-Fle\u0300ches-375x210.jpg 375w\" sizes=\"(max-width: 720px) 100vw, 720px\" \/><\/h4>\n<h4><span style=\"color: #000000;\"><strong>La concertation clinique, un outil innovant<\/strong><\/span><\/h4>\n<p style=\"text-align: justify;\"><span style=\"font-weight: 400; color: #000000;\">Une journ\u00e9e de concertation clinique mensuelle est organis\u00e9e entre professionnels (sans les usagers), pour \u00e9laborer des trajets de soins tirant parti de la diversit\u00e9 des ressources repr\u00e9sent\u00e9es dans WaB, cette r\u00e9union est itin\u00e9rante \u00e0 travers tous les services partenaires.<\/span><\/p>\n<p style=\"text-align: justify;\"><span style=\"font-weight: 400; color: #000000;\">L\u2019ordre du jour comprend les nouvelles Inclusions, les r\u00e9-inclusions, les suivis et les \u00e9changes de bonnes pratiques.<\/span><\/p>\n<p style=\"text-align: justify;\"><span style=\"font-weight: 400; color: #000000;\">Les usagers doivent signer un consentement inform\u00e9 et\u00a0 remplir la fiche d\u2019inclusion.<\/span><\/p>\n<p style=\"text-align: justify;\"><span style=\"font-weight: 400; color: #000000;\">Apr\u00e8s les concertations, les professionnels proposent aux usagers plusieurs trajets de soins possibles.\u00a0<\/span><\/p>\n<p style=\"text-align: justify;\"><span style=\"font-weight: 400; color: #000000;\">Exemple de proposition de trajets de soins pour un usager en rue qui est \u201cinclus\u201d:<\/span><\/p>\n<ul>\n<li style=\"font-weight: 400;\" aria-level=\"1\"><span style=\"color: #000000;\"><span style=\"font-weight: 400;\">1<\/span><span style=\"font-weight: 400;\">er<\/span><span style=\"font-weight: 400;\"> trajet de soins : Transit (h\u00e9bergement d\u2019urgence \u00e0 court terme) pour se poser, Maison d\u2019Accueil pour se loger, sevrage chez Revivo (H\u00f4pital) puis postcure chez Trempoline (communaut\u00e9 th\u00e9rapeutique).<\/span><\/span><\/li>\n<li style=\"font-weight: 400;\" aria-level=\"1\"><span style=\"color: #000000;\"><span style=\"font-weight: 400;\">2<\/span><span style=\"font-weight: 400;\">\u00e8me<\/span><span style=\"font-weight: 400;\"> trajet de soins : si pas accept\u00e9 chez Revivo, le Centre Psychiatrique St Bernard est OK de le sevrer avant son entr\u00e9e \u00e0 Trempoline.<\/span><\/span><\/li>\n<li style=\"font-weight: 400;\" aria-level=\"1\"><span style=\"color: #000000;\"><span style=\"font-weight: 400;\">3<\/span><span style=\"font-weight: 400;\">\u00e8me<\/span><span style=\"font-weight: 400;\"> trajet de soins : une fois entr\u00e9 \u00e0 Trempoline, si \u00e7a coince, une r\u00e9orientation aux Hautes Fagnes (communaut\u00e9 th\u00e9rapeutique) est possible.<\/span><\/span><\/li>\n<\/ul>\n<h4><span style=\"color: #000000;\"><strong>Motifs d\u2019inclusion<\/strong><\/span><\/h4>\n<ul>\n<li style=\"font-weight: 400;\" aria-level=\"1\"><span style=\"font-weight: 400; color: #000000;\">Manque de ressources au niveau local.<\/span><\/li>\n<li style=\"font-weight: 400;\" aria-level=\"1\"><span style=\"font-weight: 400; color: #000000;\">Epuisement des ressources locales, renvois, rechutes multiples, inad\u00e9quation.<\/span><\/li>\n<li style=\"font-weight: 400;\" aria-level=\"1\"><span style=\"font-weight: 400; color: #000000;\">Souhait de changer de zone g\u00e9ographique.<\/span><\/li>\n<li style=\"font-weight: 400;\" aria-level=\"1\"><span style=\"font-weight: 400; color: #000000;\">Urgence de la situation.<\/span><\/li>\n<li style=\"font-weight: 400;\" aria-level=\"1\"><span style=\"font-weight: 400; color: #000000;\">Accompagnement demand\u00e9 par l\u2019usager.<\/span><\/li>\n<li style=\"font-weight: 400;\" aria-level=\"1\"><span style=\"font-weight: 400; color: #000000;\">Accompagnement demand\u00e9 par le professionnel.<\/span><\/li>\n<li style=\"font-weight: 400;\" aria-level=\"1\"><span style=\"font-weight: 400; color: #000000;\">Autre.<\/span><\/li>\n<\/ul>\n<h4><span style=\"color: #000000;\"><strong>R\u00e9sultats depuis 2008<\/strong><\/span><\/h4>\n<ol>\n<li style=\"font-weight: 400;\" aria-level=\"1\"><span style=\"font-weight: 400; color: #000000;\">58 situations cliniques sont discut\u00e9es par mois et mobilisent plus d\u2019une vingtaine d\u2019intervenants issus des 19 structures actuellement membres du r\u00e9seau\u00a0<\/span><\/li>\n<li style=\"font-weight: 400;\" aria-level=\"1\"><span style=\"font-weight: 400; color: #000000;\">111 usagers dans la file active.\u00a0<\/span><\/li>\n<li style=\"font-weight: 400;\" aria-level=\"1\"><span style=\"font-weight: 400; color: #000000;\">621 usagers ont \u00e9t\u00e9 inclus, c.a.d.\u00a0 3 x 621 trajets de soins propos\u00e9s.<\/span><\/li>\n<li style=\"font-weight: 400;\" aria-level=\"1\"><span style=\"font-weight: 400; color: #000000;\">54 usagers sont d\u00e9c\u00e9d\u00e9s<\/span><\/li>\n<li style=\"font-weight: 400;\" aria-level=\"1\"><span style=\"font-weight: 400; color: #000000;\">30 outils ont \u00e9t\u00e9 cr\u00e9\u00e9s depuis la cr\u00e9ation de WaB (folder, cadastre, \u00e9valuation,\u2026).<\/span><\/li>\n<li style=\"font-weight: 400;\" aria-level=\"1\"><span style=\"font-weight: 400; color: #000000;\">Transposition du mod\u00e8le WaB \u00e0 3 secteurs: d\u00e9fense sociale, pr\u00e9carit\u00e9 et emploi.<\/span><\/li>\n<li style=\"font-weight: 400;\" aria-level=\"1\"><span style=\"font-weight: 400; color: #000000;\">Base de donn\u00e9es informatique.<\/span><\/li>\n<li style=\"font-weight: 400;\" aria-level=\"1\"><span style=\"font-weight: 400; color: #000000;\">Site internet : www.reseauwab.be<\/span><\/li>\n<\/ol>\n<h4><span style=\"color: #000000;\"><strong>Profil des usagers<\/strong><\/span><\/h4>\n<p style=\"text-align: justify;\"><span style=\"font-weight: 400; color: #000000;\">Les usagers sont en majorit\u00e9 des hommes entre 30 et 44 ans ayant souvent, d\u00e9j\u00e0, un long parcours de consommation et des ant\u00e9c\u00e9dents institutionnels compliqu\u00e9s ainsi que des probl\u00e8mes judiciaires et\/ou de sant\u00e9 mentale.<\/span><\/p>\n<p style=\"text-align: justify;\"><span style=\"font-weight: 400; color: #000000;\">D\u00e9pendances: alcool (87%), coca\u00efne \/ cannabis (80%) et h\u00e9ro\u00efne (67%).<\/span><\/p>\n<h4><span style=\"color: #000000;\"><strong>Impact du r\u00e9seau<\/strong><\/span><\/h4>\n<ul>\n<li style=\"font-weight: 400;\" aria-level=\"1\"><span style=\"font-weight: 400; color: #000000;\">am\u00e9lioration positive sur 4 plans : situation socio-administrative, consommation, situation m\u00e9dicale et situation psychologique.<\/span><\/li>\n<li style=\"font-weight: 400;\" aria-level=\"1\"><span style=\"font-weight: 400; color: #000000;\">88% d\u2019impact positif sur les trajectoires de soins des usagers\u00a0<\/span><\/li>\n<li style=\"font-weight: 400;\" aria-level=\"1\"><span style=\"font-weight: 400; color: #000000;\">84% des usagers pensent que la prise en charge WaB est bonne voire excellente.<\/span><\/li>\n<li style=\"font-weight: 400;\" aria-level=\"1\"><span style=\"font-weight: 400; color: #000000;\">94% des professionnels membres du groupe de terrain sont satisfaits\u00a0<\/span><\/li>\n<\/ul>\n<p><span style=\"color: #000000;\"><span style=\"font-weight: 400;\">\u00c9crivez \u00e0 <\/span><a style=\"color: #000000;\" href=\"mailto:contact@ecett.eu\"><span style=\"font-weight: 400;\">contact@ecett.eu<\/span><\/a><span style=\"font-weight: 400;\"> si vous voulez entrer en contact avec l\u2019auteure Am\u00e9lia Ramackers.<\/span><\/span><\/p>\n","protected":false},"excerpt":{"rendered":"<p>par Am\u00e9lia Ramackers de WaB (Belgium) Le R\u00e9seau WaB r\u00e9unit chaque mois diff\u00e9rents types de services d&#8217;aide aux toxicomanes pour coop\u00e9rer et composer des trajets de soins pour des usagers qui pr\u00e9sentent des situations complexes et chroniques et pour lesquels il n\u2019existe pas ou plus d\u2019alternative au niveau local. \u00a0 \u00a0 Constat Certaines personnes toxicomanes &hellip;<\/p>\n<p class=\"read-more\"> <a class=\"\" href=\"https:\/\/www.ecett.eu\/?p=3179\"> <span class=\"screen-reader-text\">BP Le R\u00e9seau WaB : une initiative cr\u00e9\u00e9e par et pour les intervenants du secteur des assu\u00e9tudes (BE)<\/span> Read More &raquo;<\/a><\/p>\n","protected":false},"author":9,"featured_media":0,"comment_status":"closed","ping_status":"open","sticky":false,"template":"","format":"standard","meta":{"site-sidebar-layout":"default","site-content-layout":"default","ast-global-header-display":"","ast-main-header-display":"","ast-hfb-above-header-display":"","ast-hfb-below-header-display":"","ast-hfb-mobile-header-display":"","site-post-title":"","ast-breadcrumbs-content":"","ast-featured-img":"","footer-sml-layout":"","theme-transparent-header-meta":"","adv-header-id-meta":"","stick-header-meta":"","header-above-stick-meta":"","header-main-stick-meta":"","header-below-stick-meta":"","footnotes":""},"categories":[119,125],"tags":[],"class_list":["post-3179","post","type-post","status-publish","format-standard","hentry","category-bonnes-pratiques","category-partenariats-bonnes-pratiques"],"yoast_head":"<!-- This site is optimized with the Yoast SEO plugin v24.0 - https:\/\/yoast.com\/wordpress\/plugins\/seo\/ -->\n<title>BP Le R\u00e9seau WaB : une initiative cr\u00e9\u00e9e par et pour les intervenants du secteur des assu\u00e9tudes (BE) - Ecett Networks<\/title>\n<meta name=\"robots\" content=\"index, follow, max-snippet:-1, max-image-preview:large, max-video-preview:-1\" \/>\n<link rel=\"canonical\" href=\"https:\/\/www.ecett.eu\/?p=3179\" \/>\n<meta property=\"og:locale\" content=\"en_GB\" \/>\n<meta property=\"og:type\" content=\"article\" \/>\n<meta property=\"og:title\" content=\"BP Le R\u00e9seau WaB : une initiative cr\u00e9\u00e9e par et pour les intervenants du secteur des assu\u00e9tudes (BE) - Ecett Networks\" \/>\n<meta property=\"og:description\" content=\"par Am\u00e9lia Ramackers de WaB (Belgium) Le R\u00e9seau WaB r\u00e9unit chaque mois diff\u00e9rents types de services d&#8217;aide aux toxicomanes pour coop\u00e9rer et composer des trajets de soins pour des usagers qui pr\u00e9sentent des situations complexes et chroniques et pour lesquels il n\u2019existe pas ou plus d\u2019alternative au niveau local. \u00a0 \u00a0 Constat Certaines personnes toxicomanes &hellip; BP Le R\u00e9seau WaB : une initiative cr\u00e9\u00e9e par et pour les intervenants du secteur des assu\u00e9tudes (BE) Read More &raquo;\" \/>\n<meta property=\"og:url\" content=\"https:\/\/www.ecett.eu\/?p=3179\" \/>\n<meta property=\"og:site_name\" content=\"Ecett Networks\" \/>\n<meta property=\"article:published_time\" content=\"2021-08-27T11:31:10+00:00\" \/>\n<meta property=\"article:modified_time\" content=\"2021-09-28T07:43:15+00:00\" \/>\n<meta property=\"og:image\" content=\"https:\/\/www.ecett.eu\/wp-content\/uploads\/2021\/07\/210702-WaB-Logo-300x169.jpg\" \/>\n<meta name=\"author\" content=\"admin\" \/>\n<meta name=\"twitter:card\" content=\"summary_large_image\" \/>\n<meta name=\"twitter:label1\" content=\"Written by\" \/>\n\t<meta name=\"twitter:data1\" content=\"admin\" \/>\n\t<meta name=\"twitter:label2\" content=\"Estimated reading time\" \/>\n\t<meta name=\"twitter:data2\" content=\"4 minutes\" \/>\n<script type=\"application\/ld+json\" class=\"yoast-schema-graph\">{\"@context\":\"https:\/\/schema.org\",\"@graph\":[{\"@type\":\"Article\",\"@id\":\"https:\/\/www.ecett.eu\/?p=3179#article\",\"isPartOf\":{\"@id\":\"https:\/\/www.ecett.eu\/?p=3179\"},\"author\":{\"name\":\"admin\",\"@id\":\"https:\/\/www.ecett.eu\/#\/schema\/person\/3c12a98a749fafa1018382e9e2b8d574\"},\"headline\":\"BP Le R\u00e9seau WaB : une initiative cr\u00e9\u00e9e par et pour les intervenants du secteur des assu\u00e9tudes (BE)\",\"datePublished\":\"2021-08-27T11:31:10+00:00\",\"dateModified\":\"2021-09-28T07:43:15+00:00\",\"mainEntityOfPage\":{\"@id\":\"https:\/\/www.ecett.eu\/?p=3179\"},\"wordCount\":904,\"publisher\":{\"@id\":\"https:\/\/www.ecett.eu\/#organization\"},\"image\":{\"@id\":\"https:\/\/www.ecett.eu\/?p=3179#primaryimage\"},\"thumbnailUrl\":\"https:\/\/www.ecett.eu\/wp-content\/uploads\/2021\/07\/210702-WaB-Logo-300x169.jpg\",\"articleSection\":[\"Bonnes pratiques\",\"Partenariats\"],\"inLanguage\":\"en-GB\"},{\"@type\":\"WebPage\",\"@id\":\"https:\/\/www.ecett.eu\/?p=3179\",\"url\":\"https:\/\/www.ecett.eu\/?p=3179\",\"name\":\"BP Le R\u00e9seau WaB : une initiative cr\u00e9\u00e9e par et pour les intervenants du secteur des assu\u00e9tudes (BE) - Ecett Networks\",\"isPartOf\":{\"@id\":\"https:\/\/www.ecett.eu\/#website\"},\"primaryImageOfPage\":{\"@id\":\"https:\/\/www.ecett.eu\/?p=3179#primaryimage\"},\"image\":{\"@id\":\"https:\/\/www.ecett.eu\/?p=3179#primaryimage\"},\"thumbnailUrl\":\"https:\/\/www.ecett.eu\/wp-content\/uploads\/2021\/07\/210702-WaB-Logo-300x169.jpg\",\"datePublished\":\"2021-08-27T11:31:10+00:00\",\"dateModified\":\"2021-09-28T07:43:15+00:00\",\"breadcrumb\":{\"@id\":\"https:\/\/www.ecett.eu\/?p=3179#breadcrumb\"},\"inLanguage\":\"en-GB\",\"potentialAction\":[{\"@type\":\"ReadAction\",\"target\":[\"https:\/\/www.ecett.eu\/?p=3179\"]}]},{\"@type\":\"ImageObject\",\"inLanguage\":\"en-GB\",\"@id\":\"https:\/\/www.ecett.eu\/?p=3179#primaryimage\",\"url\":\"https:\/\/www.ecett.eu\/wp-content\/uploads\/2021\/07\/210702-WaB-Logo-300x169.jpg\",\"contentUrl\":\"https:\/\/www.ecett.eu\/wp-content\/uploads\/2021\/07\/210702-WaB-Logo-300x169.jpg\"},{\"@type\":\"BreadcrumbList\",\"@id\":\"https:\/\/www.ecett.eu\/?p=3179#breadcrumb\",\"itemListElement\":[{\"@type\":\"ListItem\",\"position\":1,\"name\":\"Accueil\",\"item\":\"https:\/\/www.ecett.eu\/\"},{\"@type\":\"ListItem\",\"position\":2,\"name\":\"BP Le R\u00e9seau WaB : une initiative cr\u00e9\u00e9e par et pour les intervenants du secteur des assu\u00e9tudes (BE)\"}]},{\"@type\":\"WebSite\",\"@id\":\"https:\/\/www.ecett.eu\/#website\",\"url\":\"https:\/\/www.ecett.eu\/\",\"name\":\"Ecett Networks\",\"description\":\"\u00c9changer du savoir c&#039;est cr\u00e9er du savoir. Knowledge exchange is knowledge creation.\",\"publisher\":{\"@id\":\"https:\/\/www.ecett.eu\/#organization\"},\"potentialAction\":[{\"@type\":\"SearchAction\",\"target\":{\"@type\":\"EntryPoint\",\"urlTemplate\":\"https:\/\/www.ecett.eu\/?s={search_term_string}\"},\"query-input\":{\"@type\":\"PropertyValueSpecification\",\"valueRequired\":true,\"valueName\":\"search_term_string\"}}],\"inLanguage\":\"en-GB\"},{\"@type\":\"Organization\",\"@id\":\"https:\/\/www.ecett.eu\/#organization\",\"name\":\"Ecett Networks\",\"url\":\"https:\/\/www.ecett.eu\/\",\"logo\":{\"@type\":\"ImageObject\",\"inLanguage\":\"en-GB\",\"@id\":\"https:\/\/www.ecett.eu\/#\/schema\/logo\/image\/\",\"url\":\"https:\/\/www.ecett.eu\/wp-content\/uploads\/2021\/07\/cropped-Ecett-logo-transparent-.png\",\"contentUrl\":\"https:\/\/www.ecett.eu\/wp-content\/uploads\/2021\/07\/cropped-Ecett-logo-transparent-.png\",\"width\":300,\"height\":187,\"caption\":\"Ecett Networks\"},\"image\":{\"@id\":\"https:\/\/www.ecett.eu\/#\/schema\/logo\/image\/\"}},{\"@type\":\"Person\",\"@id\":\"https:\/\/www.ecett.eu\/#\/schema\/person\/3c12a98a749fafa1018382e9e2b8d574\",\"name\":\"admin\",\"url\":\"https:\/\/www.ecett.eu\/?author=9\"}]}<\/script>\n<!-- \/ Yoast SEO plugin. -->","yoast_head_json":{"title":"BP Le R\u00e9seau WaB : une initiative cr\u00e9\u00e9e par et pour les intervenants du secteur des assu\u00e9tudes (BE) - Ecett Networks","robots":{"index":"index","follow":"follow","max-snippet":"max-snippet:-1","max-image-preview":"max-image-preview:large","max-video-preview":"max-video-preview:-1"},"canonical":"https:\/\/www.ecett.eu\/?p=3179","og_locale":"en_GB","og_type":"article","og_title":"BP Le R\u00e9seau WaB : une initiative cr\u00e9\u00e9e par et pour les intervenants du secteur des assu\u00e9tudes (BE) - Ecett Networks","og_description":"par Am\u00e9lia Ramackers de WaB (Belgium) Le R\u00e9seau WaB r\u00e9unit chaque mois diff\u00e9rents types de services d&#8217;aide aux toxicomanes pour coop\u00e9rer et composer des trajets de soins pour des usagers qui pr\u00e9sentent des situations complexes et chroniques et pour lesquels il n\u2019existe pas ou plus d\u2019alternative au niveau local. \u00a0 \u00a0 Constat Certaines personnes toxicomanes &hellip; BP Le R\u00e9seau WaB : une initiative cr\u00e9\u00e9e par et pour les intervenants du secteur des assu\u00e9tudes (BE) Read More &raquo;","og_url":"https:\/\/www.ecett.eu\/?p=3179","og_site_name":"Ecett Networks","article_published_time":"2021-08-27T11:31:10+00:00","article_modified_time":"2021-09-28T07:43:15+00:00","og_image":[{"url":"https:\/\/www.ecett.eu\/wp-content\/uploads\/2021\/07\/210702-WaB-Logo-300x169.jpg","type":"","width":"","height":""}],"author":"admin","twitter_card":"summary_large_image","twitter_misc":{"Written by":"admin","Estimated reading time":"4 minutes"},"schema":{"@context":"https:\/\/schema.org","@graph":[{"@type":"Article","@id":"https:\/\/www.ecett.eu\/?p=3179#article","isPartOf":{"@id":"https:\/\/www.ecett.eu\/?p=3179"},"author":{"name":"admin","@id":"https:\/\/www.ecett.eu\/#\/schema\/person\/3c12a98a749fafa1018382e9e2b8d574"},"headline":"BP Le R\u00e9seau WaB : une initiative cr\u00e9\u00e9e par et pour les intervenants du secteur des assu\u00e9tudes (BE)","datePublished":"2021-08-27T11:31:10+00:00","dateModified":"2021-09-28T07:43:15+00:00","mainEntityOfPage":{"@id":"https:\/\/www.ecett.eu\/?p=3179"},"wordCount":904,"publisher":{"@id":"https:\/\/www.ecett.eu\/#organization"},"image":{"@id":"https:\/\/www.ecett.eu\/?p=3179#primaryimage"},"thumbnailUrl":"https:\/\/www.ecett.eu\/wp-content\/uploads\/2021\/07\/210702-WaB-Logo-300x169.jpg","articleSection":["Bonnes pratiques","Partenariats"],"inLanguage":"en-GB"},{"@type":"WebPage","@id":"https:\/\/www.ecett.eu\/?p=3179","url":"https:\/\/www.ecett.eu\/?p=3179","name":"BP Le R\u00e9seau WaB : une initiative cr\u00e9\u00e9e par et pour les intervenants du secteur des assu\u00e9tudes (BE) - Ecett Networks","isPartOf":{"@id":"https:\/\/www.ecett.eu\/#website"},"primaryImageOfPage":{"@id":"https:\/\/www.ecett.eu\/?p=3179#primaryimage"},"image":{"@id":"https:\/\/www.ecett.eu\/?p=3179#primaryimage"},"thumbnailUrl":"https:\/\/www.ecett.eu\/wp-content\/uploads\/2021\/07\/210702-WaB-Logo-300x169.jpg","datePublished":"2021-08-27T11:31:10+00:00","dateModified":"2021-09-28T07:43:15+00:00","breadcrumb":{"@id":"https:\/\/www.ecett.eu\/?p=3179#breadcrumb"},"inLanguage":"en-GB","potentialAction":[{"@type":"ReadAction","target":["https:\/\/www.ecett.eu\/?p=3179"]}]},{"@type":"ImageObject","inLanguage":"en-GB","@id":"https:\/\/www.ecett.eu\/?p=3179#primaryimage","url":"https:\/\/www.ecett.eu\/wp-content\/uploads\/2021\/07\/210702-WaB-Logo-300x169.jpg","contentUrl":"https:\/\/www.ecett.eu\/wp-content\/uploads\/2021\/07\/210702-WaB-Logo-300x169.jpg"},{"@type":"BreadcrumbList","@id":"https:\/\/www.ecett.eu\/?p=3179#breadcrumb","itemListElement":[{"@type":"ListItem","position":1,"name":"Accueil","item":"https:\/\/www.ecett.eu\/"},{"@type":"ListItem","position":2,"name":"BP Le R\u00e9seau WaB : une initiative cr\u00e9\u00e9e par et pour les intervenants du secteur des assu\u00e9tudes (BE)"}]},{"@type":"WebSite","@id":"https:\/\/www.ecett.eu\/#website","url":"https:\/\/www.ecett.eu\/","name":"Ecett Networks","description":"\u00c9changer du savoir c&#039;est cr\u00e9er du savoir. Knowledge exchange is knowledge creation.","publisher":{"@id":"https:\/\/www.ecett.eu\/#organization"},"potentialAction":[{"@type":"SearchAction","target":{"@type":"EntryPoint","urlTemplate":"https:\/\/www.ecett.eu\/?s={search_term_string}"},"query-input":{"@type":"PropertyValueSpecification","valueRequired":true,"valueName":"search_term_string"}}],"inLanguage":"en-GB"},{"@type":"Organization","@id":"https:\/\/www.ecett.eu\/#organization","name":"Ecett Networks","url":"https:\/\/www.ecett.eu\/","logo":{"@type":"ImageObject","inLanguage":"en-GB","@id":"https:\/\/www.ecett.eu\/#\/schema\/logo\/image\/","url":"https:\/\/www.ecett.eu\/wp-content\/uploads\/2021\/07\/cropped-Ecett-logo-transparent-.png","contentUrl":"https:\/\/www.ecett.eu\/wp-content\/uploads\/2021\/07\/cropped-Ecett-logo-transparent-.png","width":300,"height":187,"caption":"Ecett Networks"},"image":{"@id":"https:\/\/www.ecett.eu\/#\/schema\/logo\/image\/"}},{"@type":"Person","@id":"https:\/\/www.ecett.eu\/#\/schema\/person\/3c12a98a749fafa1018382e9e2b8d574","name":"admin","url":"https:\/\/www.ecett.eu\/?author=9"}]}},"_links":{"self":[{"href":"https:\/\/www.ecett.eu\/index.php?rest_route=\/wp\/v2\/posts\/3179","targetHints":{"allow":["GET"]}}],"collection":[{"href":"https:\/\/www.ecett.eu\/index.php?rest_route=\/wp\/v2\/posts"}],"about":[{"href":"https:\/\/www.ecett.eu\/index.php?rest_route=\/wp\/v2\/types\/post"}],"author":[{"embeddable":true,"href":"https:\/\/www.ecett.eu\/index.php?rest_route=\/wp\/v2\/users\/9"}],"replies":[{"embeddable":true,"href":"https:\/\/www.ecett.eu\/index.php?rest_route=%2Fwp%2Fv2%2Fcomments&post=3179"}],"version-history":[{"count":7,"href":"https:\/\/www.ecett.eu\/index.php?rest_route=\/wp\/v2\/posts\/3179\/revisions"}],"predecessor-version":[{"id":3313,"href":"https:\/\/www.ecett.eu\/index.php?rest_route=\/wp\/v2\/posts\/3179\/revisions\/3313"}],"wp:attachment":[{"href":"https:\/\/www.ecett.eu\/index.php?rest_route=%2Fwp%2Fv2%2Fmedia&parent=3179"}],"wp:term":[{"taxonomy":"category","embeddable":true,"href":"https:\/\/www.ecett.eu\/index.php?rest_route=%2Fwp%2Fv2%2Fcategories&post=3179"},{"taxonomy":"post_tag","embeddable":true,"href":"https:\/\/www.ecett.eu\/index.php?rest_route=%2Fwp%2Fv2%2Ftags&post=3179"}],"curies":[{"name":"wp","href":"https:\/\/api.w.org\/{rel}","templated":true}]}}